{"id":2330,"date":"2023-11-03T08:20:18","date_gmt":"2023-11-03T08:20:18","guid":{"rendered":"https:\/\/www.nap.sk\/web\/?p=2330"},"modified":"2023-11-03T09:28:50","modified_gmt":"2023-11-03T09:28:50","slug":"endiline-cimkezogepek","status":"publish","type":"post","link":"https:\/\/www.nap.sk\/web\/2023\/11\/03\/endiline-cimkezogepek\/","title":{"rendered":"Endiline &#8211; c\u00edmk\u00e9z\u0151g\u00e9pek"},"content":{"rendered":"\t\t<div data-elementor-type=\"wp-post\" data-elementor-id=\"2330\" class=\"elementor elementor-2330\" data-elementor-post-type=\"post\">\n\t\t\t\t<div class=\"elementor-element elementor-element-ea33414 e-flex e-con-boxed e-con e-parent\" data-id=\"ea33414\" data-element_type=\"container\">\n\t\t\t\t\t<div class=\"e-con-inner\">\n\t\t\t\t<div class=\"elementor-element elementor-element-cfca2fa elementor-widget elementor-widget-text-editor\" data-id=\"cfca2fa\" data-element_type=\"widget\" data-widget_type=\"text-editor.default\">\n\t\t\t\t<div class=\"elementor-widget-container\">\n\t\t\t\t\t\t\t<ul><li>A min\u0151s\u00e9g \u00e9s a profizmus az alapokn\u00e1l kezd\u0151dik. Ez\u00e9rt tartjuk fontosnak, hogy a c\u00edmk\u00e9ken t\u00fal a c\u00edmk\u00e9z\u0151g\u00e9pek \u00e9s a gy\u00e1rt\u00e1st t\u00e1mogat\u00f3 egy\u00e9b eszk\u00f6z\u00f6k is seg\u00edts\u00e9k munk\u00e1nkat.<\/li><li>Az Endiline Kft. sz\u00e9lesk\u00f6r\u0171 k\u00edn\u00e1lata ezt lehet\u0151v\u00e9 teszi ak\u00e1r az \u00d6n sz\u00e1m\u00e1ra is.<\/li><li>Megold\u00e1st ny\u00fajtanak minden munkafolyamat t\u00f6k\u00e9letes, gyors \u00e9s pontos elv\u00e9gz\u00e9s\u00e9hez.<\/li><li>Saj\u00e1t fejleszt\u00e9s\u0171 c\u00edmk\u00e9z\u0151g\u00e9peik, feliratoz\u00e1s technikai eszk\u00f6zeik, sz\u00e1ll\u00edt\u00f3p\u00e1ly\u00e1ik, vagy term\u00e9kadagol\u00e1si megold\u00e1saik kimagasl\u00f3 min\u0151s\u00e9get k\u00e9pviselnek.<\/li><li>Kiz\u00e1r\u00f3lagos magyarorsz\u00e1gi forgalmaz\u00f3i a n\u00e9met Herma c\u00edmk\u00e9z\u0151g\u00e9peknek, valamint a BENTSAI, \u00e9s a mobil Fiber l\u00e9zer nyomtat\u00f3 berendez\u00e9seknek, melyekkel a d\u00e1tum, vagy LOT sz\u00e1m feliratoz\u00e1s is val\u00f3ban professzion\u00e1lis lesz.<\/li><li>Mindez az Endiline Kft. min\u0151s\u00e9g mellett val\u00f3 elk\u00f6telezetts\u00e9g\u00e9nek eredm\u00e9nye.<\/li><li>K\u00f6sz\u00f6nj\u00fck nekik az \u00e9vek \u00f3ta tart\u00f3 egy\u00fcttm\u0171k\u00f6d\u00e9st, partnereinknek pedig bizalommal aj\u00e1nljuk \u0151ket.<\/li><\/ul><p style=\"text-align: center;\">Ha t\u00f6bbet szeretne tudni, itt mindent megtal\u00e1l: <a href=\"https:\/\/www.endiline.hu\/\">https:\/\/www.endiline.hu\/<\/a><\/p>\t\t\t\t\t\t<\/div>\n\t\t\t\t<\/div>\n\t\t\t\t\t<\/div>\n\t\t\t\t<\/div>\n\t\t\t\t<\/div>\n\t\t","protected":false},"excerpt":{"rendered":"<p>A min\u0151s\u00e9g \u00e9s a profizmus az alapokn\u00e1l kezd\u0151dik. Ez\u00e9rt tartjuk fontosnak, hogy a c\u00edmk\u00e9ken t\u00fal a c\u00edmk\u00e9z\u0151g\u00e9pek \u00e9s a gy\u00e1rt\u00e1st t\u00e1mogat\u00f3 egy\u00e9b eszk\u00f6z\u00f6k is seg\u00edts\u00e9k munk\u00e1nkat. Az Endiline Kft. sz\u00e9lesk\u00f6r\u0171 k\u00edn\u00e1lata ezt lehet\u0151v\u00e9 teszi ak\u00e1r az \u00d6n sz\u00e1m\u00e1ra is. Megold\u00e1st ny\u00fajtanak minden munkafolyamat t\u00f6k\u00e9letes, gyors \u00e9s pontos elv\u00e9gz\u00e9s\u00e9hez. Saj\u00e1t fejleszt\u00e9s\u0171 c\u00edmk\u00e9z\u0151g\u00e9peik, feliratoz\u00e1s technikai eszk\u00f6zeik, sz\u00e1ll\u00edt\u00f3p\u00e1ly\u00e1ik, [&hellip;]<\/p>\n","protected":false},"author":2,"featured_media":2354,"comment_status":"open","ping_status":"open","sticky":false,"template":"","format":"standard","meta":{"content-type":"","_monsterinsights_skip_tracking":false,"_monsterinsights_sitenote_active":false,"_monsterinsights_sitenote_note":"","_monsterinsights_sitenote_category":0,"_uf_show_specific_survey":0,"_uf_disable_surveys":false,"footnotes":""},"categories":[1],"tags":[44],"class_list":["post-2330","post","type-post","status-publish","format-standard","has-post-thumbnail","hentry","category-uncategorized","tag-hu"],"aioseo_notices":[],"_links":{"self":[{"href":"https:\/\/www.nap.sk\/web\/wp-json\/wp\/v2\/posts\/2330","targetHints":{"allow":["GET"]}}],"collection":[{"href":"https:\/\/www.nap.sk\/web\/wp-json\/wp\/v2\/posts"}],"about":[{"href":"https:\/\/www.nap.sk\/web\/wp-json\/wp\/v2\/types\/post"}],"author":[{"embeddable":true,"href":"https:\/\/www.nap.sk\/web\/wp-json\/wp\/v2\/users\/2"}],"replies":[{"embeddable":true,"href":"https:\/\/www.nap.sk\/web\/wp-json\/wp\/v2\/comments?post=2330"}],"version-history":[{"count":10,"href":"https:\/\/www.nap.sk\/web\/wp-json\/wp\/v2\/posts\/2330\/revisions"}],"predecessor-version":[{"id":2360,"href":"https:\/\/www.nap.sk\/web\/wp-json\/wp\/v2\/posts\/2330\/revisions\/2360"}],"wp:featuredmedia":[{"embeddable":true,"href":"https:\/\/www.nap.sk\/web\/wp-json\/wp\/v2\/media\/2354"}],"wp:attachment":[{"href":"https:\/\/www.nap.sk\/web\/wp-json\/wp\/v2\/media?parent=2330"}],"wp:term":[{"taxonomy":"category","embeddable":true,"href":"https:\/\/www.nap.sk\/web\/wp-json\/wp\/v2\/categories?post=2330"},{"taxonomy":"post_tag","embeddable":true,"href":"https:\/\/www.nap.sk\/web\/wp-json\/wp\/v2\/tags?post=2330"}],"curies":[{"name":"wp","href":"https:\/\/api.w.org\/{rel}","templated":true}]}}